{"id":151,"date":"2020-02-08T10:46:35","date_gmt":"2020-02-08T09:46:35","guid":{"rendered":"http:\/\/cborsplus.de\/HP2020\/?p=151"},"modified":"2020-02-13T12:33:28","modified_gmt":"2020-02-13T11:33:28","slug":"mit-dem-abschluss-in-den-haenden-werden-helden-zu-legenden","status":"publish","type":"post","link":"https:\/\/cborsplus.de\/HP2020\/mit-dem-abschluss-in-den-haenden-werden-helden-zu-legenden\/","title":{"rendered":"\u201eMit dem Abschluss in den H\u00e4nden werden Helden zu Legenden\u201c"},"content":{"rendered":"\n<style type=\"text\/css\" data-created_by=\"avia_inline_auto\" id=\"style-css-av-av_one_full-15d750bd1b332b34c6e70b077ebbccdf\">\n.flex_column.av-av_one_full-15d750bd1b332b34c6e70b077ebbccdf{\n-webkit-border-radius:0px 0px 0px 0px;\n-moz-border-radius:0px 0px 0px 0px;\nborder-radius:0px 0px 0px 0px;\npadding:0px 0px 0px 0px;\n}\n<\/style>\n<div  class='flex_column av-av_one_full-15d750bd1b332b34c6e70b077ebbccdf av_one_full  avia-builder-el-0  el_before_av_hr  avia-builder-el-first  first flex_column_div av-zero-column-padding  '     ><style type=\"text\/css\" data-created_by=\"avia_inline_auto\" id=\"style-css-av-av_heading-359816f496216f5777d1b059bfbed63d\">\n#top .av-special-heading.av-av_heading-359816f496216f5777d1b059bfbed63d{\npadding-bottom:10px;\n}\nbody .av-special-heading.av-av_heading-359816f496216f5777d1b059bfbed63d .av-special-heading-tag .heading-char{\nfont-size:25px;\n}\n.av-special-heading.av-av_heading-359816f496216f5777d1b059bfbed63d .av-subheading{\nfont-size:15px;\n}\n<\/style>\n<div  class='av-special-heading av-av_heading-359816f496216f5777d1b059bfbed63d av-special-heading-h1 blockquote modern-quote modern-centered  avia-builder-el-1  avia-builder-el-no-sibling '><h1 class='av-special-heading-tag'  itemprop=\"headline\"  ><span class='special_amp'>\u201e<\/span>Mit dem Abschluss in den H\u00e4nden werden Helden zu Legenden<span class='special_amp'>\u201c<\/span><\/h1><div class=\"special-heading-border\"><div class=\"special-heading-inner-border\"><\/div><\/div><\/div><\/div><div  class='hr av-av_hr-0ff602b3e980a3377077ff3c1c834df6 hr-default  avia-builder-el-2  el_after_av_one_full  el_before_av_two_third '><span class='hr-inner '><span class=\"hr-inner-style\"><\/span><\/span><\/div><\/p>\n\n<style type=\"text\/css\" data-created_by=\"avia_inline_auto\" id=\"style-css-av-av_two_third-15d750bd1b332b34c6e70b077ebbccdf\">\n.flex_column.av-av_two_third-15d750bd1b332b34c6e70b077ebbccdf{\n-webkit-border-radius:0px 0px 0px 0px;\n-moz-border-radius:0px 0px 0px 0px;\nborder-radius:0px 0px 0px 0px;\npadding:0px 0px 0px 0px;\n}\n<\/style>\n<div  class='flex_column av-av_two_third-15d750bd1b332b34c6e70b077ebbccdf av_two_third  avia-builder-el-3  el_after_av_hr  el_before_av_one_third  first flex_column_div av-zero-column-padding  '     ><section  class='av_textblock_section av-av_textblock-2de302bf1aa3cf4c9157dbe6f50ac7eb '   itemscope=\"itemscope\" itemtype=\"https:\/\/schema.org\/BlogPosting\" itemprop=\"blogPost\" ><div class='avia_textblock'  itemprop=\"text\" ><p>Clemens-Brentano-\/Overberg Realschule plus Koblenz verabschiedete Abschlussklassen \u2013 121 M\u00e4dchen und Jungen erhielten Abschlusszeugnisse<\/p>\n<p>-AS-KOBLENZ. Feierstunde an der Clemens-Brentano-\/Overberg Realschule plus. Insgesamt 121 M\u00e4dchen und Jungen erhielten ihre Abschlusszeugnisse und wurden verabschiedet.\u00a0 45 Neuntkl\u00e4ssler konnten das Zeugnis der Berufsreife entgegennehmen. Insgesamt 76 M\u00e4dchen und Jungen erhielten das Zeugnis \u201eQualifizierter Abschluss der Sekundarstufe 1\u201c. \u00a0Nicht unerw\u00e4hnt bleiben d\u00fcrfen die insgesamt Neuntkl\u00e4sslerinnen und \u2013kl\u00e4ssler, die im Berufsreifezweig derart gute Leistungen erbrachten, dass sie in den Sekundarzweig umgestuft werden und damit im kommenden Jahr die M\u00f6glichkeit erhalten, das 10. Schuljahr erfolgreich zu besuchen.<\/p>\n<p>Den Auftakt der Abschlussfeier bildete traditionsgem\u00e4\u00df ein Gottesdienst in der Pfarrkirche Liebfrauen. Gemeindereferent Ralf Schneider-Eichhorn leitete die \u00f6kumenische Messfeier, die eine Gruppe Entlasssch\u00fcler gemeinsam mit ihren Lehrerinnen und Lehrern vorbereitet hatte. Der Gottesdienst stand unter demselben Motto wie der gesamte Abschluss: \u201eMit dem Abschluss in den H\u00e4nden werden Helden zu Legende\u201c.<\/p>\n<p>Im Anschluss daran fand in der Turnhalle der Schule der zweite Teil der Abschlussfeier statt.<\/p>\n<p>Neben verschiedenen Beitr\u00e4gen stand hier nat\u00fcrlich die \u00dcbergabe der Abschlusszeugnisse im Mittelpunkt. Die 1. Konrektorin Anja Ochtendung hie\u00df die G\u00e4ste willkommen und \u00fcbergab das Mikrophon an Adelisa Dzaferi, Joelina Heinze und Nikita Konstantinov . Die Zehnkl\u00e4sslerinnen moderierten durch das knapp zweist\u00fcndige Programm. Sie sagten in einer Ansprache auch stellvertretend f\u00fcr alle Entlasskl\u00e4ssler ihrer \u201eClemi\u201c adieu. Beate Sick w\u00fcnschte den Abschlusssch\u00fclern im Namen des Schulelternbeirates alles Gute f\u00fcr die Zukunft.<\/p>\n<p>\u201eViele von euch haben sich hier an der Clemi heldenhaft verhalten\u201c, stellte Schulleiter Joachim Schmitz in Anspielung an das Motto der Entlassjahrg\u00e4nge in seiner Ansprache fest. \u201eEtwa dann, wenn ihr Mitsch\u00fcler unterst\u00fctzt habt, die sich ausgegrenzt und alleingelassen f\u00fchlen, oder, wenn ihr daf\u00fcr gesorgt habt, dass M\u00e4dchen und Jungen, die neu in eure Klassen kamen, schnell integriert wurden.\u201c<\/p>\n<p>Besonders gew\u00fcrdigt wurden Sch\u00fclerinnen und Sch\u00fcler, die sich durch ihr Engagement oder durch besondere Leistungen besonders ausgezeichnet hatten. Als Anerkennung f\u00fcr besondere Verdienste zum Wohle der Schulgemeinschaft wurden Richlove Nartey sowie Asjhley Koch-Alesia und Ayleen Stawovy mit dem Preis und der Urkunde der rheinland-pf\u00e4lzischen Bildungsministerin ausgezeichnet. Klassenpreise erhielten:<\/p>\n<p>Kinga Raczkowska, Mels Movsesyan, Emiliyan Olekov, Erik Bauer, Barwin Brimo, Justin Simon, Thi Mai Phuong Hoang, Aerfa Ahmad und Jeta Tairi.<\/p>\n<p><img loading=\"lazy\" decoding=\"async\" class=\"alignnone size-full wp-image-381718 aligncenter\" src=\"https:\/\/www.cborsplus.de\/wordpress\/wp-content\/uploads\/2019\/06\/Abschluss_2019-e1561747840595.jpg\" alt=\"\" width=\"480\" height=\"320\" \/><\/p>\n<p>Folgende Sch\u00fclerinnen und Sch\u00fcler wurden verabschiedet:<\/p>\n<p>9d:\u00a0 Berdan Ak, Rustem Azemi, Halis Bajra, Fabian B\u00fcndgen, Muhammad Chahin, Hasan Dandoush, Juliane G\u00f6rg, Atife Haydari, Mehran Haydari, Isabelle Heier, Farah Hommen, Christian Kappaun, Ashley Koch-Aulestia, Julia Labdaoui, Mels Movsesyan, Chiara M\u00fcller, Ozan \u00d6zcan, Justin Port, Kinga Raczkowska, Alexander Ritter, Sadjima Salihi, Selami Salja, Lucas Sick, Ayleen Stawowy<\/p>\n<p>9e: Rojin Aebesh, Rozarin Ak, Hamza Akbar, Muadin Azemi, Erik Bauer, Asya Cift, Beraat Colak, Fr\u00f6hlich Niklas, Ahmad Hannan, Tural Jafarli, Nassim Kassab, Heja Kurshied, Luca Korbach, Anthony Macher, Arsalan Momand, Loredana Nikolla, Erencan \u00d6ks\u00fcm, Emiliyan Olekov, Ibrahim Sandid, Jason Schuchhardt, Jorden Steinbach, Limar Swid, Tristan Tomaskovic<\/p>\n<p>10a: Vahide Alakus, Buse Avci, Astrit Berisha, Eyl\u00fcl Big\u00fcn, Barwin Brimo, Kay Burhardt, Isabel Chirvasuta, Adelisa Dzaferi, Izabela Furgala, Cindy G\u00f6lzer, Esila Ince, Nikita Konstantinov, Anil Kurt, Myriam L\u00fcckgen, Dyan M\u00fclh\u00f6fer, Max M\u00fcller, Hosna Nazari, Zahra Nazari, Arajik Nazarjanc, Hoang Thao My Petra Ngyuen, Nikolaj Rychagov, Miray Sahvelioglu, Tra Mi Schwitzky, Ledion Shala, Justin Simon, Anthony Tarrach, Michael Weber<\/p>\n<p>10b: Michelle Bittau, Mauricio B\u00f6hm, Leandro Damiani, Joshua D\u00f6rr, Filip Gatkiewicz, Sham Hamwi, Joelina Heinze, Jennifer Henrich, Thi Mai Phuong Hoang, Sebastian Hohmann, Haydar Ibrahim, Hasbulat Iljasov, Bushra Keirawan, Hewi Khalaf, Katharina Klauser,\u00a0 Richlove Nartey, Thanh Hai Nguyen, Laura Schimmak, Cagla Segmen, Tobias Tocz, Pham Ha My Tran, Esin Uygun, Leonie Vogel, Justin Welsch, Denise Ziehen<\/p>\n<p>10c: Ghena Abdulhai, Aerfa Ahmad, Maxim Bajrak, Lukas Brink, Berfin Budak, Pia Castor, Mitko Dimitrov, Melania Gallus, Mary-Kimberly Held,\u00a0 Henrike Herrmann, Ali Kassab, Leon Khom, Maria Knittel, Selina Kreuter, Jurij Kristschenko, Batuhan Kurnaz, Michael Mayer, Anne-Jule Mehner, Niclas Mikscha, Ferhat \u00d6zogul, Samantha Raute, Cecilio Reinhardt, Angelo Schwertel, Jeta Tairi, Svenja-Karina Thiele, Ana-Lena Wolf, Florian Zuka<\/p>\n<\/div><\/section><\/div>\n<style type=\"text\/css\" data-created_by=\"avia_inline_auto\" id=\"style-css-av-av_one_third-c8fc129dc35fd1ae2a1e410224d39ea8\">\n.flex_column.av-av_one_third-c8fc129dc35fd1ae2a1e410224d39ea8{\n-webkit-border-radius:0px 0px 0px 0px;\n-moz-border-radius:0px 0px 0px 0px;\nborder-radius:0px 0px 0px 0px;\npadding:0px 0px 0px 0px;\n}\n<\/style>\n<div  class='flex_column av-av_one_third-c8fc129dc35fd1ae2a1e410224d39ea8 av_one_third  avia-builder-el-5  el_after_av_two_third  avia-builder-el-last  flex_column_div av-zero-column-padding  '     ><style type=\"text\/css\" data-created_by=\"avia_inline_auto\" id=\"style-css-av-av_gallery-51d19ab08130f98669b4b22479389895\">\n#top .avia-gallery.av-av_gallery-51d19ab08130f98669b4b22479389895 .avia-gallery-thumb a{\nwidth:20%;\n}\n<\/style>\n<div  class='avia-gallery av-av_gallery-51d19ab08130f98669b4b22479389895 avia_animate_when_visible  avia-builder-el-6  avia-builder-el-no-sibling  avia_lazyload avia-gallery-animate avia-gallery-1'  itemprop=\"image\" itemscope=\"itemscope\" itemtype=\"https:\/\/schema.org\/ImageObject\" ><meta itemprop=\"contentURL\" content=\"https:\/\/cborsplus.de\/HP2020\/mit-dem-abschluss-in-den-haenden-werden-helden-zu-legenden\/\"><div class='avia-gallery-thumb'><a href=\"https:\/\/cborsplus.de\/HP2020\/wp-content\/uploads\/2020\/02\/Abschluss_2019-e1561747840595.jpg\" data-srcset=\"https:\/\/cborsplus.de\/HP2020\/wp-content\/uploads\/2020\/02\/Abschluss_2019-e1561747840595.jpg 480w, https:\/\/cborsplus.de\/HP2020\/wp-content\/uploads\/2020\/02\/Abschluss_2019-e1561747840595-300x200.jpg 300w, https:\/\/cborsplus.de\/HP2020\/wp-content\/uploads\/2020\/02\/Abschluss_2019-e1561747840595-450x300.jpg 450w\" data-sizes=\"(max-width: 480px) 100vw, 480px\" data-rel='gallery-1' data-prev-img='https:\/\/cborsplus.de\/HP2020\/wp-content\/uploads\/2020\/02\/Abschluss_2019-e1561747840595.jpg' class='first_thumb lightbox ' data-onclick='1' title='Abschluss_2019-e1561747840595'  itemprop=\"thumbnailUrl\"  ><img decoding=\"async\" class=\"wp-image-152 avia-img-lazy-loading-not-152\"   src=\"https:\/\/cborsplus.de\/HP2020\/wp-content\/uploads\/2020\/02\/Abschluss_2019-e1561747840595.jpg\" width=\"480\" height=\"320\"  title='Abschluss_2019-e1561747840595' alt='' srcset=\"https:\/\/cborsplus.de\/HP2020\/wp-content\/uploads\/2020\/02\/Abschluss_2019-e1561747840595.jpg 480w, https:\/\/cborsplus.de\/HP2020\/wp-content\/uploads\/2020\/02\/Abschluss_2019-e1561747840595-300x200.jpg 300w, https:\/\/cborsplus.de\/HP2020\/wp-content\/uploads\/2020\/02\/Abschluss_2019-e1561747840595-450x300.jpg 450w\" sizes=\"(max-width: 480px) 100vw, 480px\" \/><div class='big-prev-fake'><img loading=\"lazy\" decoding=\"async\" class=\"wp-image-152 avia-img-lazy-loading-152\"  width=\"480\" height=\"320\" src=\"https:\/\/cborsplus.de\/HP2020\/wp-content\/uploads\/2020\/02\/Abschluss_2019-e1561747840595.jpg\" title='Abschluss_2019-e1561747840595' alt='' srcset=\"https:\/\/cborsplus.de\/HP2020\/wp-content\/uploads\/2020\/02\/Abschluss_2019-e1561747840595.jpg 480w, https:\/\/cborsplus.de\/HP2020\/wp-content\/uploads\/2020\/02\/Abschluss_2019-e1561747840595-300x200.jpg 300w, https:\/\/cborsplus.de\/HP2020\/wp-content\/uploads\/2020\/02\/Abschluss_2019-e1561747840595-450x300.jpg 450w\" sizes=\"auto, (max-width: 480px) 100vw, 480px\" \/><\/div><\/a><\/div><\/div><\/div><\/p>\n","protected":false},"excerpt":{"rendered":"","protected":false},"author":1,"featured_media":152,"comment_status":"open","ping_status":"open","sticky":false,"template":"","format":"standard","meta":{"footnotes":""},"categories":[1],"tags":[],"class_list":["post-151","post","type-post","status-publish","format-standard","has-post-thumbnail","hentry","category-allgemein"],"_links":{"self":[{"href":"https:\/\/cborsplus.de\/HP2020\/wp-json\/wp\/v2\/posts\/151","targetHints":{"allow":["GET"]}}],"collection":[{"href":"https:\/\/cborsplus.de\/HP2020\/wp-json\/wp\/v2\/posts"}],"about":[{"href":"https:\/\/cborsplus.de\/HP2020\/wp-json\/wp\/v2\/types\/post"}],"author":[{"embeddable":true,"href":"https:\/\/cborsplus.de\/HP2020\/wp-json\/wp\/v2\/users\/1"}],"replies":[{"embeddable":true,"href":"https:\/\/cborsplus.de\/HP2020\/wp-json\/wp\/v2\/comments?post=151"}],"version-history":[{"count":1,"href":"https:\/\/cborsplus.de\/HP2020\/wp-json\/wp\/v2\/posts\/151\/revisions"}],"predecessor-version":[{"id":153,"href":"https:\/\/cborsplus.de\/HP2020\/wp-json\/wp\/v2\/posts\/151\/revisions\/153"}],"wp:featuredmedia":[{"embeddable":true,"href":"https:\/\/cborsplus.de\/HP2020\/wp-json\/wp\/v2\/media\/152"}],"wp:attachment":[{"href":"https:\/\/cborsplus.de\/HP2020\/wp-json\/wp\/v2\/media?parent=151"}],"wp:term":[{"taxonomy":"category","embeddable":true,"href":"https:\/\/cborsplus.de\/HP2020\/wp-json\/wp\/v2\/categories?post=151"},{"taxonomy":"post_tag","embeddable":true,"href":"https:\/\/cborsplus.de\/HP2020\/wp-json\/wp\/v2\/tags?post=151"}],"curies":[{"name":"wp","href":"https:\/\/api.w.org\/{rel}","templated":true}]}}